{"id":34478,"date":"2024-11-13T12:11:33","date_gmt":"2024-11-13T10:11:33","guid":{"rendered":"https:\/\/felistella.eu\/?p=34478"},"modified":"2024-11-13T12:11:33","modified_gmt":"2024-11-13T10:11:33","slug":"mazulu-agrina-attistiba","status":"publish","type":"post","link":"https:\/\/felistella.eu\/lv\/mazulu-agrina-attistiba\/","title":{"rendered":"Mazu\u013cu agr\u012bn\u0101 att\u012bst\u012bba"},"content":{"rendered":"<p>Kad pasaul\u0113 ierodas b\u0113rns, m\u016bsu dz\u012bve sadal\u0101s \u201cpirms\u201d un \u201cp\u0113c\u201d. Pa\u0161u intereses novirz\u0101s otraj\u0101 pl\u0101n\u0101, un par galveno m\u0113r\u0137i k\u013c\u016bst z\u012bdai\u0146a harmoniska att\u012bst\u012bba.<\/p>\n<p>V\u0113l m\u0101tes punc\u012b esot, mazais cilv\u0113ci\u0146\u0161 rea\u0123\u0113 uz spilgtu gaismu, \u0101r\u0113jo troksni un m\u0101tes sirdsdarb\u012bbu. P\u0113c piedzim\u0161anas visi b\u0113rna refleksi un ma\u0146as saasin\u0101s. T\u0101p\u0113c ir \u013coti svar\u012bgi, lai no pirmaj\u0101m dz\u012bves dien\u0101m b\u0113rns b\u016btu akt\u012bvs un apg\u016btu jaunas zin\u0101\u0161anas un prasmes. Tas pal\u012bdz\u0113s izaudzin\u0101t gudru, fiziski un emocion\u0101li att\u012bst\u012btu cilv\u0113ku.<\/p>\n<p>Agr\u012bn\u0101 izgl\u012bt\u012bba nav tikai sagatavo\u0161ana m\u0101c\u012bb\u0101m skol\u0101. No pirm\u0101 dz\u012bves mirk\u013ca z\u012bdainis iepaz\u012bstas ar apk\u0101rt\u0113jo pasauli, uztver jaunas ska\u0146as. Vec\u0101ku uzdevums ir rad\u012bt apst\u0101k\u013cus vispus\u012bgai, harmoniskai att\u012bst\u012bbai. Tas ietver atmi\u0146as, izt\u0113les, uzman\u012bbas un lo\u0123isk\u0101s dom\u0101\u0161anas tren\u0113\u0161anu.<\/p>\n<p>Agr\u012bn\u0101 att\u012bst\u012bba vienm\u0113r ir vec\u0101ku uzman\u012bbas centr\u0101. Gadu gait\u0101 ir izstr\u0101d\u0101tas daudzas programmas, kuras ir pier\u0101d\u012bju\u0161as savu efektivit\u0101ti praks\u0113. L\u016bk, popul\u0101r\u0101k\u0101s no t\u0101m:<\/p>\n<ol>\n<li><strong>Marijas Montesori metode.<\/strong> M\u0101c\u012bbu sist\u0113ma, ko 20.\u00a0gadsimta s\u0101kum\u0101 izstr\u0101d\u0101ja it\u0101\u013cu pedago\u0123e, joproj\u0101m ir aktu\u0101la. Programmas pamat\u0101 ir individu\u0101la pieeja katram b\u0113rnam jau no dzim\u0161anas br\u012b\u017ea. Tas pal\u012bdz atrais\u012bt b\u0113rna potenci\u0101lu un att\u012bst\u012bt vi\u0146a prasmes.<\/li>\n<li><strong>Glena Domana metode.<\/strong> Amerik\u0101\u0146u zin\u0101tnieks atkl\u0101ja, ka att\u012bsto\u0161as aktivit\u0101tes visefekt\u012bv\u0101k\u0101s ir agr\u012bn\u0101 vecum\u0101. Vi\u0146\u0161 uzskat\u012bja, ka vec\u0101ku galvenais uzdevums ir jaundzimu\u0161\u0101 praktiski neierobe\u017eot\u0101 potenci\u0101la realiz\u0113\u0161ana. Tie\u0161i Domans izstr\u0101d\u0101ja didaktisko materi\u0101lu \u2013 kart\u012btes ar att\u0113liem, kas pal\u012bdz mazu\u013ciem uzlabot eso\u0161\u0101s prasmes.<\/li>\n<li><strong>Sesilas Lupanas sist\u0113ma<\/strong>. Be\u013c\u0123u aktrise s\u0101ka interes\u0113ties par agr\u012bno att\u012bst\u012bbu, audzinot savas meitas. Ta\u010du vi\u0146a nevar\u0113ja atrast programmu, kas piln\u012bb\u0101 atbilstu vi\u0146as pras\u012bb\u0101m, t\u0101p\u0113c izstr\u0101d\u0101ja savu metodiku. Sesila Lupana iesaka komunic\u0113t ar b\u0113rnu jau no vi\u0146a dz\u012bves pirm\u0101s sekundes, uzsvaru liekot nevis uz apr\u016bpi, bet gan mazu\u013ca interesi par apk\u0101rt\u0113jo pasauli.<\/li>\n<li><strong>S\u0101ras Br\u016bveres \u201cSuperb\u0113rns\u201d. <\/strong>Gr\u0101matas autore ir p\u0101rliecin\u0101ta, ka b\u0113rna pamatprasmju veido\u0161an\u0101s s\u0101kas jau gr\u016btniec\u012bbas laik\u0101. Savuk\u0101rt uzreiz p\u0113c dzim\u0161anas galven\u0101 loma z\u012bdai\u0146a att\u012bst\u012bb\u0101 ir redzei. \u0160\u012b ma\u0146u org\u0101na stimul\u0113\u0161ana aktiviz\u0113 b\u0113rna smadzenes, att\u012bsta uzman\u012bbu, rosina dabisku zin\u0101tk\u0101ri par apk\u0101rt\u0113jo pasauli un nomierina b\u0113rnu emocion\u0101l\u0101s p\u0101rstimul\u0101cijas periodos.<\/li>\n<li><strong>Masaru Ibuki \u201cB\u0113rnud\u0101rz\u0101 jau ir par v\u0113lu\u201d.<\/strong> Jap\u0101\u0146u uz\u0146\u0113m\u0113js Masaru Ibuki ir ne tikai viens no uz\u0146\u0113muma <em>Sony <\/em>dibin\u0101t\u0101jiem, bet ar\u012b novators b\u0113rnu audzin\u0101\u0161anas un agr\u012bn\u0101s att\u012bst\u012bbas jom\u0101. Vi\u0146a gr\u0101matas pamatideja \u2013 b\u0113rna augst\u0101kais m\u0101c\u012b\u0161an\u0101s potenci\u0101ls ir v\u0113l pirms tr\u012bs gadu vecuma sasnieg\u0161anas.<\/li>\n<\/ol>\n<p>Katr\u0101 agr\u012bn\u0101s att\u012bst\u012bbas programm\u0101 tiek izmantoti savi pa\u0146\u0113mieni, instrumenti un didaktiskie materi\u0101li. Ta\u010du liel\u0101k\u0101 da\u013ca no tiem uzsver tie\u0161i vizu\u0101l\u0101s uztveres stimul\u0101ciju.<\/p>\n<p>Jaundzimu\u0161\u0101 acs vislab\u0101k at\u0161\u0137ir melnu un baltu kr\u0101su, p\u0101r\u0113j\u0101 kr\u0101su gamma ir pel\u0113kos to\u0146os. T\u0101p\u0113c kontrastaini melnbalti att\u0113li jau agr\u0101 vecum\u0101 pozit\u012bvi ietekm\u0113 uzman\u012bbas, redzes jut\u012bguma un asuma, smadze\u0146u darb\u012bbas un nervu sist\u0113mas att\u012bst\u012bbu.<\/p>\n<p>Gr\u0101matu s\u0113rija \u201cAtt\u0113li mazu\u013ciem\u201d ir lielisks didaktisks materi\u0101ls b\u0113rniem. Divpus\u0113jas salok\u0101m\u0101s bil\u017eu gr\u0101matas ar vienk\u0101r\u0161\u0101m melnbalt\u0101m ilustr\u0101cij\u0101m ir \u0113rtas un praktiskas. B\u0113rns ar prieku koncentr\u0113 skatienu uz att\u0113liem, apl\u016bko priek\u0161metu un dz\u012bvnieku siluetu att\u0113lus, tren\u0113 atmi\u0146u, att\u012bsta uzman\u012bbu un lo\u0123isko dom\u0101\u0161anu. Vienk\u0101r\u0161\u0101s un saprotam\u0101s formas viegli uztver pat vismaz\u0101kie b\u0113rni. Nelielais form\u0101ts un iztur\u012bgais kartons, kas ir piln\u012bgi dro\u0161s b\u0113rnam, \u013cauj gr\u0101matas izmantot jebkur\u0101 situ\u0101cij\u0101.<\/p>\n<p>Ar gr\u0101matu s\u0113rijas <a href=\"https:\/\/felistella.eu\/lv\/serija\/atteli-mazuliem\/\"><strong>\u201cAtt\u0113li mazu\u013ciem\u201d<\/strong><\/a> pal\u012bdz\u012bbu b\u0113rns jau no pirmaj\u0101m dz\u012bves dien\u0101m iepaz\u012bstas ar apk\u0101rt\u0113jo pasauli, iepaz\u012bst formas un priek\u0161metus, k\u0101 ar\u012b att\u012bsta vizu\u0101l\u0101s prasmes. Liel\u0101kiem b\u0113rniem pat\u012bk patst\u0101v\u012bgi p\u0113t\u012bt gr\u0101matas, apg\u016bt jaunus v\u0101rdus un j\u0113dzienus, pilnveidot s\u012bko motoriku un lo\u0123isko dom\u0101\u0161anu.<\/p>\n<p>Agr\u012bn\u0101 apm\u0101c\u012bba ir atsl\u0113ga uz b\u0113rna harmonisku att\u012bst\u012bbu un vi\u0146a potenci\u0101la realiz\u0101ciju. Un pareizi izv\u0113l\u0113ti materi\u0101li pal\u012bdz rota\u013c\u0101joties apg\u016bt jaunas prasmes un att\u012bst\u012bt pilnv\u0113rt\u012bgu person\u012bbu.<\/p>\n","protected":false},"excerpt":{"rendered":"Kad pasaul\u0113 ierodas b\u0113rns, m\u016bsu dz\u012bve sadal\u0101s \u201cpirms\u201d un \u201cp\u0113c\u201d. Pa\u0161u intereses novirz\u0101s otraj\u0101 pl\u0101n\u0101, un par galveno m\u0113r\u0137i k\u013c\u016bst z\u012bdai\u0146a harmoniska att\u012bst\u012bba. V\u0113l m\u0101tes punc\u012b esot, mazais cilv\u0113ci\u0146\u0161 rea\u0123\u0113 uz spilgtu gaismu, \u0101r\u0113jo troksni un m\u0101tes sirdsdarb\u012bbu. P\u0113c piedzim\u0161anas visi b\u0113rna refleksi un ma\u0146as saasin\u0101s. T\u0101p\u0113c ir \u013coti svar\u012bgi, lai no pirmaj\u0101m dz\u012bves dien\u0101m [&hellip;]","protected":false},"author":2,"featured_media":34471,"comment_status":"open","ping_status":"open","sticky":false,"template":"","format":"standard","meta":{"_acf_changed":false,"footnotes":""},"categories":[1005],"tags":[],"class_list":["post-34478","post","type-post","status-publish","format-standard","has-post-thumbnail","hentry","category-attistiba"],"acf":[],"yoast_head":"<!-- This site is optimized with the Yoast SEO plugin v27.4 - https:\/\/yoast.com\/product\/yoast-seo-wordpress\/ -->\n<title>Mazu\u013cu agr\u012bn\u0101 att\u012bst\u012bba - Kirjastus Felistella<\/title>\n<meta name=\"robots\" content=\"index, follow, max-snippet:-1, max-image-preview:large, max-video-preview:-1\" \/>\n<link rel=\"canonical\" href=\"https:\/\/felistella.eu\/lv\/mazulu-agrina-attistiba\/\" \/>\n<meta property=\"og:locale\" content=\"lv_LV\" \/>\n<meta property=\"og:type\" content=\"article\" \/>\n<meta property=\"og:title\" content=\"Mazu\u013cu agr\u012bn\u0101 att\u012bst\u012bba - Kirjastus Felistella\" \/>\n<meta property=\"og:description\" content=\"Kad pasaul\u0113 ierodas b\u0113rns, m\u016bsu dz\u012bve sadal\u0101s \u201cpirms\u201d un \u201cp\u0113c\u201d. Pa\u0161u intereses novirz\u0101s otraj\u0101 pl\u0101n\u0101, un par galveno m\u0113r\u0137i k\u013c\u016bst z\u012bdai\u0146a harmoniska att\u012bst\u012bba. V\u0113l m\u0101tes punc\u012b esot, mazais cilv\u0113ci\u0146\u0161 rea\u0123\u0113 uz spilgtu gaismu, \u0101r\u0113jo troksni un m\u0101tes sirdsdarb\u012bbu. P\u0113c piedzim\u0161anas visi b\u0113rna refleksi un ma\u0146as saasin\u0101s. T\u0101p\u0113c ir \u013coti svar\u012bgi, lai no pirmaj\u0101m dz\u012bves dien\u0101m [&hellip;]\" \/>\n<meta property=\"og:url\" content=\"https:\/\/felistella.eu\/lv\/mazulu-agrina-attistiba\/\" \/>\n<meta property=\"og:site_name\" content=\"Kirjastus Felistella\" \/>\n<meta property=\"article:published_time\" content=\"2024-11-13T10:11:33+00:00\" \/>\n<meta property=\"og:image\" content=\"https:\/\/FELISTELLA.EU\/wp-content\/uploads\/2023\/01\/FDS_2828-scaled.jpg\" \/>\n\t<meta property=\"og:image:width\" content=\"2560\" \/>\n\t<meta property=\"og:image:height\" content=\"1706\" \/>\n\t<meta property=\"og:image:type\" content=\"image\/jpeg\" \/>\n<meta name=\"author\" content=\"Felistella\" \/>\n<meta name=\"twitter:card\" content=\"summary_large_image\" \/>\n<meta name=\"twitter:label1\" content=\"Written by\" \/>\n\t<meta name=\"twitter:data1\" content=\"Felistella\" \/>\n\t<meta name=\"twitter:label2\" content=\"Est. reading time\" \/>\n\t<meta name=\"twitter:data2\" content=\"4 minutes\" \/>\n<script type=\"application\/ld+json\" class=\"yoast-schema-graph\">{\"@context\":\"https:\\\/\\\/schema.org\",\"@graph\":[{\"@type\":\"Article\",\"@id\":\"https:\\\/\\\/felistella.eu\\\/lv\\\/mazulu-agrina-attistiba\\\/#article\",\"isPartOf\":{\"@id\":\"https:\\\/\\\/felistella.eu\\\/lv\\\/mazulu-agrina-attistiba\\\/\"},\"author\":{\"name\":\"Felistella\",\"@id\":\"https:\\\/\\\/felistella.eu\\\/lv\\\/#\\\/schema\\\/person\\\/1d50434d3448a8c10297b9066e6fc086\"},\"headline\":\"Mazu\u013cu agr\u012bn\u0101 att\u012bst\u012bba\",\"datePublished\":\"2024-11-13T10:11:33+00:00\",\"mainEntityOfPage\":{\"@id\":\"https:\\\/\\\/felistella.eu\\\/lv\\\/mazulu-agrina-attistiba\\\/\"},\"wordCount\":883,\"commentCount\":0,\"image\":{\"@id\":\"https:\\\/\\\/felistella.eu\\\/lv\\\/mazulu-agrina-attistiba\\\/#primaryimage\"},\"thumbnailUrl\":\"https:\\\/\\\/felistella.eu\\\/wp-content\\\/uploads\\\/2023\\\/01\\\/FDS_2828-scaled.jpg\",\"articleSection\":[\"Att\u012bst\u012bba\"],\"inLanguage\":\"lv-LV\",\"potentialAction\":[{\"@type\":\"CommentAction\",\"name\":\"Comment\",\"target\":[\"https:\\\/\\\/felistella.eu\\\/lv\\\/mazulu-agrina-attistiba\\\/#respond\"]}]},{\"@type\":\"WebPage\",\"@id\":\"https:\\\/\\\/felistella.eu\\\/lv\\\/mazulu-agrina-attistiba\\\/\",\"url\":\"https:\\\/\\\/felistella.eu\\\/lv\\\/mazulu-agrina-attistiba\\\/\",\"name\":\"Mazu\u013cu agr\u012bn\u0101 att\u012bst\u012bba - Kirjastus Felistella\",\"isPartOf\":{\"@id\":\"https:\\\/\\\/felistella.eu\\\/lv\\\/#website\"},\"primaryImageOfPage\":{\"@id\":\"https:\\\/\\\/felistella.eu\\\/lv\\\/mazulu-agrina-attistiba\\\/#primaryimage\"},\"image\":{\"@id\":\"https:\\\/\\\/felistella.eu\\\/lv\\\/mazulu-agrina-attistiba\\\/#primaryimage\"},\"thumbnailUrl\":\"https:\\\/\\\/felistella.eu\\\/wp-content\\\/uploads\\\/2023\\\/01\\\/FDS_2828-scaled.jpg\",\"datePublished\":\"2024-11-13T10:11:33+00:00\",\"author\":{\"@id\":\"https:\\\/\\\/felistella.eu\\\/lv\\\/#\\\/schema\\\/person\\\/1d50434d3448a8c10297b9066e6fc086\"},\"breadcrumb\":{\"@id\":\"https:\\\/\\\/felistella.eu\\\/lv\\\/mazulu-agrina-attistiba\\\/#breadcrumb\"},\"inLanguage\":\"lv-LV\",\"potentialAction\":[{\"@type\":\"ReadAction\",\"target\":[\"https:\\\/\\\/felistella.eu\\\/lv\\\/mazulu-agrina-attistiba\\\/\"]}]},{\"@type\":\"ImageObject\",\"inLanguage\":\"lv-LV\",\"@id\":\"https:\\\/\\\/felistella.eu\\\/lv\\\/mazulu-agrina-attistiba\\\/#primaryimage\",\"url\":\"https:\\\/\\\/felistella.eu\\\/wp-content\\\/uploads\\\/2023\\\/01\\\/FDS_2828-scaled.jpg\",\"contentUrl\":\"https:\\\/\\\/felistella.eu\\\/wp-content\\\/uploads\\\/2023\\\/01\\\/FDS_2828-scaled.jpg\",\"width\":2560,\"height\":1706},{\"@type\":\"BreadcrumbList\",\"@id\":\"https:\\\/\\\/felistella.eu\\\/lv\\\/mazulu-agrina-attistiba\\\/#breadcrumb\",\"itemListElement\":[{\"@type\":\"ListItem\",\"position\":1,\"name\":\"Avaleht\",\"item\":\"https:\\\/\\\/felistella.eu\\\/lv\\\/\"},{\"@type\":\"ListItem\",\"position\":2,\"name\":\"Mazu\u013cu agr\u012bn\u0101 att\u012bst\u012bba\"}]},{\"@type\":\"WebSite\",\"@id\":\"https:\\\/\\\/felistella.eu\\\/lv\\\/#website\",\"url\":\"https:\\\/\\\/felistella.eu\\\/lv\\\/\",\"name\":\"Kirjastus Felistella\",\"description\":\"e-pood\",\"potentialAction\":[{\"@type\":\"SearchAction\",\"target\":{\"@type\":\"EntryPoint\",\"urlTemplate\":\"https:\\\/\\\/felistella.eu\\\/lv\\\/?s={search_term_string}\"},\"query-input\":{\"@type\":\"PropertyValueSpecification\",\"valueRequired\":true,\"valueName\":\"search_term_string\"}}],\"inLanguage\":\"lv-LV\"},{\"@type\":\"Person\",\"@id\":\"https:\\\/\\\/felistella.eu\\\/lv\\\/#\\\/schema\\\/person\\\/1d50434d3448a8c10297b9066e6fc086\",\"name\":\"Felistella\",\"image\":{\"@type\":\"ImageObject\",\"inLanguage\":\"lv-LV\",\"@id\":\"https:\\\/\\\/secure.gravatar.com\\\/avatar\\\/193a09030e06722fd3c3ab423f914fa1d8ea762233eab07b123afcae30ebe1d0?s=96&d=mm&r=g\",\"url\":\"https:\\\/\\\/secure.gravatar.com\\\/avatar\\\/193a09030e06722fd3c3ab423f914fa1d8ea762233eab07b123afcae30ebe1d0?s=96&d=mm&r=g\",\"contentUrl\":\"https:\\\/\\\/secure.gravatar.com\\\/avatar\\\/193a09030e06722fd3c3ab423f914fa1d8ea762233eab07b123afcae30ebe1d0?s=96&d=mm&r=g\",\"caption\":\"Felistella\"},\"url\":\"https:\\\/\\\/felistella.eu\\\/lv\\\/author\\\/maria-sepp\\\/\"}]}<\/script>\n<!-- \/ Yoast SEO plugin. -->","yoast_head_json":{"title":"Mazu\u013cu agr\u012bn\u0101 att\u012bst\u012bba - Kirjastus Felistella","robots":{"index":"index","follow":"follow","max-snippet":"max-snippet:-1","max-image-preview":"max-image-preview:large","max-video-preview":"max-video-preview:-1"},"canonical":"https:\/\/felistella.eu\/lv\/mazulu-agrina-attistiba\/","og_locale":"lv_LV","og_type":"article","og_title":"Mazu\u013cu agr\u012bn\u0101 att\u012bst\u012bba - Kirjastus Felistella","og_description":"Kad pasaul\u0113 ierodas b\u0113rns, m\u016bsu dz\u012bve sadal\u0101s \u201cpirms\u201d un \u201cp\u0113c\u201d. Pa\u0161u intereses novirz\u0101s otraj\u0101 pl\u0101n\u0101, un par galveno m\u0113r\u0137i k\u013c\u016bst z\u012bdai\u0146a harmoniska att\u012bst\u012bba. V\u0113l m\u0101tes punc\u012b esot, mazais cilv\u0113ci\u0146\u0161 rea\u0123\u0113 uz spilgtu gaismu, \u0101r\u0113jo troksni un m\u0101tes sirdsdarb\u012bbu. P\u0113c piedzim\u0161anas visi b\u0113rna refleksi un ma\u0146as saasin\u0101s. T\u0101p\u0113c ir \u013coti svar\u012bgi, lai no pirmaj\u0101m dz\u012bves dien\u0101m [&hellip;]","og_url":"https:\/\/felistella.eu\/lv\/mazulu-agrina-attistiba\/","og_site_name":"Kirjastus Felistella","article_published_time":"2024-11-13T10:11:33+00:00","og_image":[{"width":2560,"height":1706,"url":"https:\/\/FELISTELLA.EU\/wp-content\/uploads\/2023\/01\/FDS_2828-scaled.jpg","type":"image\/jpeg"}],"author":"Felistella","twitter_card":"summary_large_image","twitter_misc":{"Written by":"Felistella","Est. reading time":"4 minutes"},"schema":{"@context":"https:\/\/schema.org","@graph":[{"@type":"Article","@id":"https:\/\/felistella.eu\/lv\/mazulu-agrina-attistiba\/#article","isPartOf":{"@id":"https:\/\/felistella.eu\/lv\/mazulu-agrina-attistiba\/"},"author":{"name":"Felistella","@id":"https:\/\/felistella.eu\/lv\/#\/schema\/person\/1d50434d3448a8c10297b9066e6fc086"},"headline":"Mazu\u013cu agr\u012bn\u0101 att\u012bst\u012bba","datePublished":"2024-11-13T10:11:33+00:00","mainEntityOfPage":{"@id":"https:\/\/felistella.eu\/lv\/mazulu-agrina-attistiba\/"},"wordCount":883,"commentCount":0,"image":{"@id":"https:\/\/felistella.eu\/lv\/mazulu-agrina-attistiba\/#primaryimage"},"thumbnailUrl":"https:\/\/felistella.eu\/wp-content\/uploads\/2023\/01\/FDS_2828-scaled.jpg","articleSection":["Att\u012bst\u012bba"],"inLanguage":"lv-LV","potentialAction":[{"@type":"CommentAction","name":"Comment","target":["https:\/\/felistella.eu\/lv\/mazulu-agrina-attistiba\/#respond"]}]},{"@type":"WebPage","@id":"https:\/\/felistella.eu\/lv\/mazulu-agrina-attistiba\/","url":"https:\/\/felistella.eu\/lv\/mazulu-agrina-attistiba\/","name":"Mazu\u013cu agr\u012bn\u0101 att\u012bst\u012bba - Kirjastus Felistella","isPartOf":{"@id":"https:\/\/felistella.eu\/lv\/#website"},"primaryImageOfPage":{"@id":"https:\/\/felistella.eu\/lv\/mazulu-agrina-attistiba\/#primaryimage"},"image":{"@id":"https:\/\/felistella.eu\/lv\/mazulu-agrina-attistiba\/#primaryimage"},"thumbnailUrl":"https:\/\/felistella.eu\/wp-content\/uploads\/2023\/01\/FDS_2828-scaled.jpg","datePublished":"2024-11-13T10:11:33+00:00","author":{"@id":"https:\/\/felistella.eu\/lv\/#\/schema\/person\/1d50434d3448a8c10297b9066e6fc086"},"breadcrumb":{"@id":"https:\/\/felistella.eu\/lv\/mazulu-agrina-attistiba\/#breadcrumb"},"inLanguage":"lv-LV","potentialAction":[{"@type":"ReadAction","target":["https:\/\/felistella.eu\/lv\/mazulu-agrina-attistiba\/"]}]},{"@type":"ImageObject","inLanguage":"lv-LV","@id":"https:\/\/felistella.eu\/lv\/mazulu-agrina-attistiba\/#primaryimage","url":"https:\/\/felistella.eu\/wp-content\/uploads\/2023\/01\/FDS_2828-scaled.jpg","contentUrl":"https:\/\/felistella.eu\/wp-content\/uploads\/2023\/01\/FDS_2828-scaled.jpg","width":2560,"height":1706},{"@type":"BreadcrumbList","@id":"https:\/\/felistella.eu\/lv\/mazulu-agrina-attistiba\/#breadcrumb","itemListElement":[{"@type":"ListItem","position":1,"name":"Avaleht","item":"https:\/\/felistella.eu\/lv\/"},{"@type":"ListItem","position":2,"name":"Mazu\u013cu agr\u012bn\u0101 att\u012bst\u012bba"}]},{"@type":"WebSite","@id":"https:\/\/felistella.eu\/lv\/#website","url":"https:\/\/felistella.eu\/lv\/","name":"Kirjastus Felistella","description":"e-pood","potentialAction":[{"@type":"SearchAction","target":{"@type":"EntryPoint","urlTemplate":"https:\/\/felistella.eu\/lv\/?s={search_term_string}"},"query-input":{"@type":"PropertyValueSpecification","valueRequired":true,"valueName":"search_term_string"}}],"inLanguage":"lv-LV"},{"@type":"Person","@id":"https:\/\/felistella.eu\/lv\/#\/schema\/person\/1d50434d3448a8c10297b9066e6fc086","name":"Felistella","image":{"@type":"ImageObject","inLanguage":"lv-LV","@id":"https:\/\/secure.gravatar.com\/avatar\/193a09030e06722fd3c3ab423f914fa1d8ea762233eab07b123afcae30ebe1d0?s=96&d=mm&r=g","url":"https:\/\/secure.gravatar.com\/avatar\/193a09030e06722fd3c3ab423f914fa1d8ea762233eab07b123afcae30ebe1d0?s=96&d=mm&r=g","contentUrl":"https:\/\/secure.gravatar.com\/avatar\/193a09030e06722fd3c3ab423f914fa1d8ea762233eab07b123afcae30ebe1d0?s=96&d=mm&r=g","caption":"Felistella"},"url":"https:\/\/felistella.eu\/lv\/author\/maria-sepp\/"}]}},"_links":{"self":[{"href":"https:\/\/felistella.eu\/lv\/wp-json\/wp\/v2\/posts\/34478","targetHints":{"allow":["GET"]}}],"collection":[{"href":"https:\/\/felistella.eu\/lv\/wp-json\/wp\/v2\/posts"}],"about":[{"href":"https:\/\/felistella.eu\/lv\/wp-json\/wp\/v2\/types\/post"}],"author":[{"embeddable":true,"href":"https:\/\/felistella.eu\/lv\/wp-json\/wp\/v2\/users\/2"}],"replies":[{"embeddable":true,"href":"https:\/\/felistella.eu\/lv\/wp-json\/wp\/v2\/comments?post=34478"}],"version-history":[{"count":0,"href":"https:\/\/felistella.eu\/lv\/wp-json\/wp\/v2\/posts\/34478\/revisions"}],"wp:featuredmedia":[{"embeddable":true,"href":"https:\/\/felistella.eu\/lv\/wp-json\/wp\/v2\/media\/34471"}],"wp:attachment":[{"href":"https:\/\/felistella.eu\/lv\/wp-json\/wp\/v2\/media?parent=34478"}],"wp:term":[{"taxonomy":"category","embeddable":true,"href":"https:\/\/felistella.eu\/lv\/wp-json\/wp\/v2\/categories?post=34478"},{"taxonomy":"post_tag","embeddable":true,"href":"https:\/\/felistella.eu\/lv\/wp-json\/wp\/v2\/tags?post=34478"}],"curies":[{"name":"wp","href":"https:\/\/api.w.org\/{rel}","templated":true}]}}